{"id":1896,"date":"2022-05-11T16:46:08","date_gmt":"2022-05-11T16:46:08","guid":{"rendered":"https:\/\/dentes-de-leao.runescript.pt\/laboratorios-artisticos\/"},"modified":"2022-06-16T09:10:52","modified_gmt":"2022-06-16T09:10:52","slug":"artistic-labs","status":"publish","type":"post","link":"https:\/\/dentesdeleao.pt\/en\/artistic-labs\/","title":{"rendered":"ARTISTIC LABS"},"content":{"rendered":"<p><span style=\"font-weight: 400;\">The Artistic Labs are moments consecrated to the groups of young artists and are guided by creators with experience in participatory art processes. They seek to develop tools that will support creation, to structure collaboration practices and settings, and to enable cultural exchanges among the participants.<\/span><\/p>\n<p><span style=\"font-weight: 400;\">There will be two labs during the first stage of the project, simultaneously preparing the groups for the challenges participatory arts entail and allowing for the discovery of \u00c9vora and Sardoal\u2019s values and resources, be they symbolic locations, raw materials, stories or traditions.<\/span><\/p>\n<p><span style=\"font-weight: 400;\">A third lab shall take place at the start of the second stage, once the selection of the artistic projects that will be implemented has been made, enhancing their relation with the places and the local communities.<\/span><\/p>\n<p><span style=\"font-weight: 400;\">Artistic Lab #1, designed by Ragnhildur Stef\u00e1nsd\u00f3ttir from the Academy of the Senses (Reykjavik), and guided by Pedro Fazenda from P\u00f3 de Vir a Ser (\u00c9vora), goes deeper into the ideas surrounding the labyrinth and fosters collaborative practices based on Sardoal\u2019s territory.<\/span><\/p>\n<p><span style=\"font-weight: 400;\">Artistic Lab #2, designed and guided by Teatro do Frio, seeks to map the expectations and notions of the young artists concerning participatory arts, and to yield a predisposition for listening based on the notion of psychogeography in conjunction with the discovery of \u00c9vora\u2019s territory.<\/span><\/p>\n<p><span style=\"font-weight: 400;\">Artistic Lab #3, designed and guided by Ragnhildur Stef\u00e1nsd\u00f3ttir, focuses on the potential relation between the creations that will be developed on the one hand, and the public space and unconventional presentation spaces on the other hand.<\/span><\/p>\n","protected":false},"excerpt":{"rendered":"<p>The Artistic Labs are moments consecrated to the groups of young artists and are guided by creators with experience in participatory art processes. They seek to develop tools that will support creation, to structure collaboration practices and settings, and to enable cultural exchanges among the participants. There will be two labs during the first stage [&hellip;]<\/p>\n","protected":false},"author":1,"featured_media":1869,"comment_status":"open","ping_status":"closed","sticky":false,"template":"","format":"standard","meta":[],"categories":[14],"tags":[],"acf":[],"publishpress_future_action":{"enabled":false,"date":"2026-05-04 16:40:37","action":"draft","terms":[],"taxonomy":"category"},"_links":{"self":[{"href":"https:\/\/dentesdeleao.pt\/en\/wp-json\/wp\/v2\/posts\/1896"}],"collection":[{"href":"https:\/\/dentesdeleao.pt\/en\/wp-json\/wp\/v2\/posts"}],"about":[{"href":"https:\/\/dentesdeleao.pt\/en\/wp-json\/wp\/v2\/types\/post"}],"author":[{"embeddable":true,"href":"https:\/\/dentesdeleao.pt\/en\/wp-json\/wp\/v2\/users\/1"}],"replies":[{"embeddable":true,"href":"https:\/\/dentesdeleao.pt\/en\/wp-json\/wp\/v2\/comments?post=1896"}],"version-history":[{"count":1,"href":"https:\/\/dentesdeleao.pt\/en\/wp-json\/wp\/v2\/posts\/1896\/revisions"}],"predecessor-version":[{"id":1902,"href":"https:\/\/dentesdeleao.pt\/en\/wp-json\/wp\/v2\/posts\/1896\/revisions\/1902"}],"wp:featuredmedia":[{"embeddable":true,"href":"https:\/\/dentesdeleao.pt\/en\/wp-json\/wp\/v2\/media\/1869"}],"wp:attachment":[{"href":"https:\/\/dentesdeleao.pt\/en\/wp-json\/wp\/v2\/media?parent=1896"}],"wp:term":[{"taxonomy":"category","embeddable":true,"href":"https:\/\/dentesdeleao.pt\/en\/wp-json\/wp\/v2\/categories?post=1896"},{"taxonomy":"post_tag","embeddable":true,"href":"https:\/\/dentesdeleao.pt\/en\/wp-json\/wp\/v2\/tags?post=1896"}],"curies":[{"name":"wp","href":"https:\/\/api.w.org\/{rel}","templated":true}]}}