{"id":1899,"date":"2022-05-11T16:41:27","date_gmt":"2022-05-11T16:41:27","guid":{"rendered":"https:\/\/dentes-de-leao.runescript.pt\/encontro-de-jovens\/"},"modified":"2022-10-26T13:02:49","modified_gmt":"2022-10-26T13:02:49","slug":"youth-encounters","status":"publish","type":"post","link":"https:\/\/dentesdeleao.pt\/en\/youth-encounters\/","title":{"rendered":"YOUTH ENCOUNTERS"},"content":{"rendered":"<p><span style=\"font-weight: 400;\">In each town (\u00c9vora, Sardoal and Lisbon), a group of youngsters summoned by an open call gathers weekly in the presence of a cultural mediator.<\/span><\/p>\n<p><span style=\"font-weight: 400;\">Over the course of several months, these groups have the opportunity to try out a temporary, local and enlarged community, and to get involved in co-creation and co-curatorship processes that help broaden references, but also deepen fruition and participation habits.<\/span><\/p>\n<p><span style=\"font-weight: 400;\">There are several connecting bridges between the different components of the project: sharing personal references; surveying Sardoal and \u00c9vora\u2019s heritage; taking part in experiments put forward by the mediators and the artists involved; following and participating in the <\/span><span style=\"font-weight: 400;\">Opening Forum<\/span><span style=\"font-weight: 400;\">, the <\/span><span style=\"font-weight: 400;\">Artistic Residencies<\/span><span style=\"font-weight: 400;\">, the <\/span><span style=\"font-weight: 400;\">Participatory Arts Programme<\/span><span style=\"font-weight: 400;\"> and the <\/span><span style=\"font-weight: 400;\">Closing Forum<\/span><span style=\"font-weight: 400;\">.<\/span><\/p>\n<p><span style=\"font-weight: 400;\">Participants: Maria Beatriz Branco,\u00a0Carlota Figueiredo,\u00a0F\u00e1bio Andr\u00e9 Pic\u00e3o P\u00e9 Leve,\u00a0N\u00faria,\u00a0Sofia Grilo,\u00a0Sara Soares,\u00a0Beatriz Silvano Espanca Bacelar,\u00a0Rafael Mateus,\u00a0Ana Sofia Barreto,\u00a0Beatriz C\u00f3ias,\u00a0Clara Ferreira,\u00a0Maria Brito,\u00a0Carolina da Silva Esteves Soler Dias,\u00a0Matilde Pereira Antunes,\u00a0Nazar\u00e9 Sousa,\u00a0Sofia S\u00e9rcio,\u00a0James Carlo Cruz David,\u00a0D\u00e9bora Fernanda Cruz Soares,\u00a0Mafalda Fernandes,\u00a0Arthur da Fonte Maciel Moreira, Lia Paladino Marins, Sancha Paganini,\u00a0Levi Oliveira, J\u00falia Duarte Nunes, Francisca Carvalhal,\u00a0Diogo Filipe Martins Carboila,\u00a0Ana Isabel David Cruz,\u00a0Murilo Oliveira,\u00a0Beatriz Oliveira, Lara Santos Barbosa,\u00a0Phoenix,\u00a0Afonso Henrique Chambel Serras, Beatriz Dias Rodrigues and Jo\u00e3o Lobato.<\/span><\/p>\n<p><span style=\"font-weight: 400;\">Mediators: Patr\u00edcia Freire<\/span><span style=\"font-weight: 400;\">,<\/span><span style=\"font-weight: 400;\"> in \u00c9vora, <\/span><span style=\"font-weight: 400;\">Carla Dias, in Sardoal<\/span><span style=\"font-weight: 400;\">, and Ant\u00f3nia Honrado, in Lisbon.<\/span><\/p>\n","protected":false},"excerpt":{"rendered":"<p>In each town (\u00c9vora, Sardoal and Lisbon), a group of youngsters summoned by an open call gathers weekly in the presence of a cultural mediator. Over the course of several months, these groups have the opportunity to try out a temporary, local and enlarged community, and to get involved in co-creation and co-curatorship processes that [&hellip;]<\/p>\n","protected":false},"author":1,"featured_media":0,"comment_status":"open","ping_status":"closed","sticky":false,"template":"","format":"standard","meta":[],"categories":[14],"tags":[],"acf":[],"publishpress_future_action":{"enabled":false,"date":"2026-05-04 16:24:01","action":"draft","terms":[],"taxonomy":"category"},"_links":{"self":[{"href":"https:\/\/dentesdeleao.pt\/en\/wp-json\/wp\/v2\/posts\/1899"}],"collection":[{"href":"https:\/\/dentesdeleao.pt\/en\/wp-json\/wp\/v2\/posts"}],"about":[{"href":"https:\/\/dentesdeleao.pt\/en\/wp-json\/wp\/v2\/types\/post"}],"author":[{"embeddable":true,"href":"https:\/\/dentesdeleao.pt\/en\/wp-json\/wp\/v2\/users\/1"}],"replies":[{"embeddable":true,"href":"https:\/\/dentesdeleao.pt\/en\/wp-json\/wp\/v2\/comments?post=1899"}],"version-history":[{"count":4,"href":"https:\/\/dentesdeleao.pt\/en\/wp-json\/wp\/v2\/posts\/1899\/revisions"}],"predecessor-version":[{"id":2220,"href":"https:\/\/dentesdeleao.pt\/en\/wp-json\/wp\/v2\/posts\/1899\/revisions\/2220"}],"wp:attachment":[{"href":"https:\/\/dentesdeleao.pt\/en\/wp-json\/wp\/v2\/media?parent=1899"}],"wp:term":[{"taxonomy":"category","embeddable":true,"href":"https:\/\/dentesdeleao.pt\/en\/wp-json\/wp\/v2\/categories?post=1899"},{"taxonomy":"post_tag","embeddable":true,"href":"https:\/\/dentesdeleao.pt\/en\/wp-json\/wp\/v2\/tags?post=1899"}],"curies":[{"name":"wp","href":"https:\/\/api.w.org\/{rel}","templated":true}]}}