{"id":102,"name":"Pedro Rosa","url":"","description":"No nosso territ\u00f3rio, o projeto Dentes de Le\u00e3o assumiu-se n\u00e3o s\u00f3 como uma iniciativa fraturante e disruptiva relativamente \u00e0 forma de pensar a arte apenas enquanto objeto de contempla\u00e7\u00e3o mas sobretudo como uma oportunidade para envolver a comunidade em processos criativos e de reflex\u00e3o, aumentando o seu sentido de perten\u00e7a sobre os resultados alcan\u00e7ados. A liga\u00e7\u00e3o dos nossos jovens a este projeto de artes participativas foi certamente a oportunidade mais significativa que tiveram de se envolver num processo criativo, nomeadamente de sentir que a sua opini\u00e3o e capacidade de influ\u00eancia podem condicionar a forma como os artistas sentem e se exprimem perante o territ\u00f3rio. \u00c9 inequ\u00edvoco que as sementes do Dentes de Le\u00e3o voaram para bem longe e que a sua passagem ir\u00e1 resultar na germina\u00e7\u00e3o de novas ideias muito em breve, seja pelo desassossego que provocaram nos jovens, seja pelo impacto que os artistas tiveram na nossa comunidade. \r\n","link":"https:\/\/dentesdeleao.pt\/en\/author\/pedro-rosa\/","slug":"pedro-rosa","avatar_urls":{"24":"https:\/\/secure.gravatar.com\/avatar\/c3b7f393410fe6185ba5d966a213a38f?s=24&d=mm&r=g","48":"https:\/\/secure.gravatar.com\/avatar\/c3b7f393410fe6185ba5d966a213a38f?s=48&d=mm&r=g","96":"https:\/\/secure.gravatar.com\/avatar\/c3b7f393410fe6185ba5d966a213a38f?s=96&d=mm&r=g"},"meta":[],"acf":[],"_links":{"self":[{"href":"https:\/\/dentesdeleao.pt\/en\/wp-json\/wp\/v2\/users\/102"}],"collection":[{"href":"https:\/\/dentesdeleao.pt\/en\/wp-json\/wp\/v2\/users"}]}}