{"id":77,"name":"Clara Ferreira","url":"","description":"A minha vida mudou muito desde o in\u00edcio deste projeto e consequentemente eu tamb\u00e9m. O Dentes de Le\u00e3o apareceu na minha vida de uma forma inesperada, mas que acredito que me beneficiou. Sinto que tive uma participa\u00e7\u00e3o consistente no projeto, dei o que tinha para dar. E sinto que o projeto e os participantes tamb\u00e9m me trouxeram muito. Penso que o que me afetou mais foram as diferentes intera\u00e7\u00f5es que tive, as pessoas que conheci e tamb\u00e9m a oportunidade de integrar dois grupos de jovens diferentes (\u00c9vora e Lisboa). Todas as experi\u00eancias que tive no \u00e2mbito do projeto mudaram a minha forma de pensar, por ser algo t\u00e3o novo no meu dia-a-dia.\r\n","link":"https:\/\/dentesdeleao.pt\/en\/author\/ferreiraclarinha10gmail-com\/","slug":"ferreiraclarinha10gmail-com","avatar_urls":{"24":"https:\/\/secure.gravatar.com\/avatar\/f0ef7b00075cc4374288581af9f6a123?s=24&d=mm&r=g","48":"https:\/\/secure.gravatar.com\/avatar\/f0ef7b00075cc4374288581af9f6a123?s=48&d=mm&r=g","96":"https:\/\/secure.gravatar.com\/avatar\/f0ef7b00075cc4374288581af9f6a123?s=96&d=mm&r=g"},"meta":[],"acf":[],"_links":{"self":[{"href":"https:\/\/dentesdeleao.pt\/en\/wp-json\/wp\/v2\/users\/77"}],"collection":[{"href":"https:\/\/dentesdeleao.pt\/en\/wp-json\/wp\/v2\/users"}]}}